{"id":18056,"global_id":"intep.edu.co\/portal?id=18056","global_id_lineage":["intep.edu.co\/portal?id=18056"],"author":"4","status":"publish","date":"2023-04-14 13:05:29","date_utc":"2023-04-14 18:05:29","modified":"2023-04-14 13:05:29","modified_utc":"2023-04-14 18:05:29","url":"https:\/\/intep.edu.co\/portal\/event\/por-que-debemos-pensar-en-exportar-claves-para-llegar-a-los-mercados-internacionales-sin-morir-en-el-intento\/","rest_url":"https:\/\/intep.edu.co\/portal\/wp-json\/tribe\/events\/v1\/events\/18056","title":"\u00bfPor qu\u00e9 debemos pensar en exportar? Claves para llegar a los mercados internacionales sin morir en el intento","description":"<p><strong>Conferencista<\/strong>:\u00a0Jos\u00e9 Carlos Vera Valencia,\u00a0Profesional en Comercio Exterior de la Universidad del Valle,\u00a0Creador de Datos Comex.<\/p>\n<p><img loading=\"lazy\" decoding=\"async\" class=\"aligncenter\" src=\"https:\/\/intep.edu.co\/Es\/Usuarios\/Institucional\/Emprendimiento\/2023_1\/EMPRENDEINTEP_2023\/Conferencistas\/JoseCarlosVera.png\" alt=\"\" width=\"136\" height=\"172\" \/><\/p>\n<p>Profesional en Comercio Exterior de la Universidad del Valle, con m\u00e1s de 10 a\u00f1os de experiencia en importaciones y exportaciones. Cuenta con experiencia en negociaci\u00f3n internacional y ha participado en diferentes Ferias de Negocios en pa\u00edses como Chile, Per\u00fa, Panam\u00e1, Italia, adem\u00e1s de Colombia.<\/p>\n<p>Es el creador de Datos Comex, una comunidad que ya cuenta con m\u00e1s de 70.000 seguidores en redes sociales y en la que comparte contenido de valor sobre el Comercio Exterior, los Negocios Internacionales y la Log\u00edstica.<\/p>\n<p>Actualmente trabaja como Coordinador Comercial para la empresa Comercializadora Intercomex en la ciudad de Palmira; y tambi\u00e9n como coordinador de importaciones para la empresa Frutas Lam en la ciudad de Cali. Adicional, es consultor independiente en temas de Comercio Exterior.<\/p>\n<p><strong>Lugar<\/strong>: Auditorio Omar Rayo &#8211; INTEP.<\/p>","excerpt":"","slug":"por-que-debemos-pensar-en-exportar-claves-para-llegar-a-los-mercados-internacionales-sin-morir-en-el-intento","image":{"url":"https:\/\/intep.edu.co\/portal\/wp-content\/uploads\/2023\/04\/Conferencia-Emprendeintep-Jose-Vera-02.png","id":17847,"extension":"png","width":3179,"height":1802,"filesize":1905086,"sizes":{"medium":{"width":300,"height":170,"mime-type":"image\/png","filesize":66228,"url":"https:\/\/intep.edu.co\/portal\/wp-content\/uploads\/2023\/04\/Conferencia-Emprendeintep-Jose-Vera-02-300x170.png"},"large":{"width":1024,"height":580,"mime-type":"image\/png","filesize":417159,"url":"https:\/\/intep.edu.co\/portal\/wp-content\/uploads\/2023\/04\/Conferencia-Emprendeintep-Jose-Vera-02-1024x580.png"},"thumbnail":{"width":150,"height":150,"mime-type":"image\/png","filesize":32381,"url":"https:\/\/intep.edu.co\/portal\/wp-content\/uploads\/2023\/04\/Conferencia-Emprendeintep-Jose-Vera-02-150x150.png"},"medium_large":{"width":768,"height":435,"mime-type":"image\/png","filesize":273407,"url":"https:\/\/intep.edu.co\/portal\/wp-content\/uploads\/2023\/04\/Conferencia-Emprendeintep-Jose-Vera-02-768x435.png"},"1536x1536":{"width":1536,"height":871,"mime-type":"image\/png","filesize":759553,"url":"https:\/\/intep.edu.co\/portal\/wp-content\/uploads\/2023\/04\/Conferencia-Emprendeintep-Jose-Vera-02-1536x871.png"},"2048x2048":{"width":2048,"height":1161,"mime-type":"image\/png","filesize":1169629,"url":"https:\/\/intep.edu.co\/portal\/wp-content\/uploads\/2023\/04\/Conferencia-Emprendeintep-Jose-Vera-02-2048x1161.png"},"Personnel Thumbnail":{"width":700,"height":935,"mime-type":"image\/png","filesize":361564,"url":"https:\/\/intep.edu.co\/portal\/wp-content\/uploads\/2023\/04\/Conferencia-Emprendeintep-Jose-Vera-02-700x935.png"},"Portfolio Thumbnail":{"width":700,"height":450,"mime-type":"image\/png","filesize":264323,"url":"https:\/\/intep.edu.co\/portal\/wp-content\/uploads\/2023\/04\/Conferencia-Emprendeintep-Jose-Vera-02-700x450.png"},"Portfolio Thumbnail Portrait":{"width":700,"height":660,"mime-type":"image\/png","filesize":307605,"url":"https:\/\/intep.edu.co\/portal\/wp-content\/uploads\/2023\/04\/Conferencia-Emprendeintep-Jose-Vera-02-700x660.png"},"Portfolio Thumbnail Portrait 2":{"width":600,"height":800,"mime-type":"image\/png","filesize":294550,"url":"https:\/\/intep.edu.co\/portal\/wp-content\/uploads\/2023\/04\/Conferencia-Emprendeintep-Jose-Vera-02-600x800.png"},"Large Landscape":{"width":1280,"height":580,"mime-type":"image\/png","filesize":507395,"url":"https:\/\/intep.edu.co\/portal\/wp-content\/uploads\/2023\/04\/Conferencia-Emprendeintep-Jose-Vera-02-1280x580.png"},"Large Landscape 2":{"width":1550,"height":700,"mime-type":"image\/png","filesize":672501,"url":"https:\/\/intep.edu.co\/portal\/wp-content\/uploads\/2023\/04\/Conferencia-Emprendeintep-Jose-Vera-02-1550x700.png"},"Portfolio Side Description Large":{"width":900,"height":500,"mime-type":"image\/png","filesize":342556,"url":"https:\/\/intep.edu.co\/portal\/wp-content\/uploads\/2023\/04\/Conferencia-Emprendeintep-Jose-Vera-02-900x500.png"},"Blog Full Thumbnail":{"width":1100,"height":490,"mime-type":"image\/png","filesize":399349,"url":"https:\/\/intep.edu.co\/portal\/wp-content\/uploads\/2023\/04\/Conferencia-Emprendeintep-Jose-Vera-02-1100x490.png"},"Blog Column Thumbnail":{"width":700,"height":430,"mime-type":"image\/png","filesize":258170,"url":"https:\/\/intep.edu.co\/portal\/wp-content\/uploads\/2023\/04\/Conferencia-Emprendeintep-Jose-Vera-02-700x430.png"},"Personnel Thumbnail 2":{"width":550,"height":500,"mime-type":"image\/png","filesize":217737,"url":"https:\/\/intep.edu.co\/portal\/wp-content\/uploads\/2023\/04\/Conferencia-Emprendeintep-Jose-Vera-02-550x500.png"},"Large Landscape 3":{"width":1500,"height":1000,"mime-type":"image\/png","filesize":818921,"url":"https:\/\/intep.edu.co\/portal\/wp-content\/uploads\/2023\/04\/Conferencia-Emprendeintep-Jose-Vera-02-1500x1000.png"},"Personnel Square":{"width":500,"height":500,"mime-type":"image\/png","filesize":200154,"url":"https:\/\/intep.edu.co\/portal\/wp-content\/uploads\/2023\/04\/Conferencia-Emprendeintep-Jose-Vera-02-500x500.png"},"Gallery Portrait":{"width":495,"height":600,"mime-type":"image\/png","filesize":216653,"url":"https:\/\/intep.edu.co\/portal\/wp-content\/uploads\/2023\/04\/Conferencia-Emprendeintep-Jose-Vera-02-495x600.png"},"Single Major":{"width":1000,"height":365,"mime-type":"image\/png","filesize":289117,"url":"https:\/\/intep.edu.co\/portal\/wp-content\/uploads\/2023\/04\/Conferencia-Emprendeintep-Jose-Vera-02-1000x365.png"}}},"all_day":false,"start_date":"2023-05-04 18:30:00","start_date_details":{"year":"2023","month":"05","day":"04","hour":"18","minutes":"30","seconds":"00"},"end_date":"2023-05-04 19:30:00","end_date_details":{"year":"2023","month":"05","day":"04","hour":"19","minutes":"30","seconds":"00"},"utc_start_date":"2023-05-04 22:30:00","utc_start_date_details":{"year":"2023","month":"05","day":"04","hour":"22","minutes":"30","seconds":"00"},"utc_end_date":"2023-05-04 23:30:00","utc_end_date_details":{"year":"2023","month":"05","day":"04","hour":"23","minutes":"30","seconds":"00"},"timezone":"UTC-5","timezone_abbr":"UTC-5","cost":"","cost_details":{"currency_symbol":"","currency_code":"","currency_position":"prefix","values":[]},"website":"","show_map":true,"show_map_link":true,"hide_from_listings":false,"sticky":false,"featured":false,"categories":[{"name":"Todos","slug":"todos","term_group":0,"term_taxonomy_id":189,"taxonomy":"tribe_events_cat","description":"","parent":0,"count":239,"filter":"raw","id":189,"urls":{"self":"https:\/\/intep.edu.co\/portal\/wp-json\/tribe\/events\/v1\/categories\/189","collection":"https:\/\/intep.edu.co\/portal\/wp-json\/tribe\/events\/v1\/categories"}}],"tags":[],"venue":{"id":18031,"author":"4","status":"publish","date":"2023-04-13 19:37:34","date_utc":"2023-04-14 00:37:34","modified":"2023-04-13 19:37:34","modified_utc":"2023-04-14 00:37:34","url":"https:\/\/intep.edu.co\/portal\/local\/intep-roldanillo\/","venue":"INTEP &#8211; Roldanillo","slug":"intep-roldanillo","address":"Carrera 7 # 10 - 20","city":"Roldanillo","country":"Colombia","province":"Valle del Cauca","stateprovince":"Valle del Cauca","json_ld":{"@type":"Place","name":"INTEP &#8211; Roldanillo","description":"","url":"","address":{"@type":"PostalAddress","streetAddress":"Carrera 7 # 10 - 20","addressLocality":"Roldanillo","addressRegion":"Valle del Cauca","addressCountry":"Colombia"},"telephone":"","sameAs":""},"show_map":true,"show_map_link":true,"global_id":"intep.edu.co\/portal?id=18031","global_id_lineage":["intep.edu.co\/portal?id=18031"]},"organizer":[{"id":18016,"author":"4","status":"publish","date":"2023-04-13 19:27:47","date_utc":"2023-04-14 00:27:47","modified":"2023-04-13 19:27:47","modified_utc":"2023-04-14 00:27:47","url":"https:\/\/intep.edu.co\/portal\/organizador\/unidad-de-emprendimiento\/","organizer":"Unidad de Emprendimiento","slug":"unidad-de-emprendimiento","phone":"+57 (602) 229 9737 Ext. 153","email":"emprendimiento@intep.edu.co","json_ld":{"@type":"Person","name":"Unidad de Emprendimiento","description":"","url":"","telephone":"+57 (602) 229 9737 Ext. 153","email":"em&#112;&#114;e&#110;&#100;i&#109;&#105;e&#110;&#116;o&#64;&#105;&#110;t&#101;p.e&#100;&#117;.&#99;&#111;","sameAs":""},"global_id":"intep.edu.co\/portal?id=18016","global_id_lineage":["intep.edu.co\/portal?id=18016"]}],"custom_fields":[],"json_ld":{"@context":"http:\/\/schema.org","@type":"Event","name":"\u00bfPor qu\u00e9 debemos pensar en exportar? Claves para llegar a los mercados internacionales sin morir en el intento","description":"&lt;p&gt;Conferencista:\u00a0Jos\u00e9 Carlos Vera Valencia,\u00a0Profesional en Comercio Exterior de la Universidad del Valle,\u00a0Creador de Datos Comex. Profesional en Comercio Exterior de [&hellip;]&lt;\/p&gt;\\n","image":"https:\/\/intep.edu.co\/portal\/wp-content\/uploads\/2023\/04\/Conferencia-Emprendeintep-Jose-Vera-02.png","url":"https:\/\/intep.edu.co\/portal\/event\/por-que-debemos-pensar-en-exportar-claves-para-llegar-a-los-mercados-internacionales-sin-morir-en-el-intento\/","eventAttendanceMode":"https:\/\/schema.org\/OfflineEventAttendanceMode","eventStatus":"https:\/\/schema.org\/EventScheduled","startDate":"2023-05-04T18:30:00-05:00","endDate":"2023-05-04T19:30:00-05:00","location":{"@type":"Place","name":"INTEP &#8211; Roldanillo","description":"","url":"","address":{"@type":"PostalAddress","streetAddress":"Carrera 7 # 10 - 20","addressLocality":"Roldanillo","addressRegion":"Valle del Cauca","addressCountry":"Colombia"},"telephone":"","sameAs":""},"organizer":{"@type":"Person","name":"Unidad de Emprendimiento","description":"","url":"","telephone":"+57 (602) 229 9737 Ext. 153","email":"e&#109;&#112;&#114;e&#110;&#100;i&#109;&#105;&#101;&#110;to&#64;i&#110;t&#101;p&#46;ed&#117;&#46;c&#111;","sameAs":""},"performer":"Organization"},"ticketed":false}