{"id":18066,"global_id":"intep.edu.co\/portal?id=18066","global_id_lineage":["intep.edu.co\/portal?id=18066"],"author":"4","status":"publish","date":"2023-04-14 13:13:18","date_utc":"2023-04-14 18:13:18","modified":"2023-04-14 13:13:18","modified_utc":"2023-04-14 18:13:18","url":"https:\/\/intep.edu.co\/portal\/event\/sonata\/","rest_url":"https:\/\/intep.edu.co\/portal\/wp-json\/tribe\/events\/v1\/events\/18066","title":"SONATA","description":"<p><strong>Conferencista:\u00a0<\/strong>Jorge Iv\u00e1n Cadavid Mart\u00ednez,\u00a0Ingeniero de Sistemas y Computaci\u00f3n \u2013 Universidad Quind\u00edo,\u00a0Tecn\u00f3logo en electr\u00f3nica &#8211; Universidad del Quind\u00edo<\/p>\n<p><img decoding=\"async\" class=\"center-block img-responsive\" src=\"https:\/\/intep.edu.co\/Es\/Usuarios\/Institucional\/Emprendimiento\/2023_1\/EMPRENDEINTEP_2023\/Conferencistas\/JORGE_SONATA.png\" alt=\"\" \/><\/p>\n<p>Fundador de\u00a0<strong>SONATA INNOVACI\u00d3N &amp; TECNOLOG\u00cdA INCLUSIVA<\/strong><\/p>\n<p>Ganador del premio Titanes Caracol 2019, en la categor\u00eda de Tecnolog\u00eda e Innovaci\u00f3n (Caracol Televisi\u00f3n).<\/p>\n<p>Jorge Iv\u00e1n Cadavid es un Ingeniero de Sistemas y Tecn\u00f3logo en Electr\u00f3nica, quien debido a la discapacidad visual de su madre, situaci\u00f3n derivada de un desprendimiento de retina, se sinti\u00f3 impulsado a desarrollar tecnolog\u00eda inclusiva para ayudar a mejorar la calidad de vida de las personas con discapacidad, gracias a esto, empez\u00f3 tambi\u00e9n a realizar investigaciones en personas con sordera, encontr\u00e1ndose con la particular historia de Beethoven quien al perder su capacidad auditiva, mord\u00eda una barra met\u00e1lica y la apoyaba en las cuerdas del piano para percibir los sonidos producidos por estas, de ah\u00ed nace\u00a0<strong>SONATA,<\/strong>\u00a0un dispositivo que le permite a las personas con p\u00e9rdida auditiva escuchar a trav\u00e9s de los dientes, esto tambi\u00e9n lo ha impulsado a crear una fundaci\u00f3n para dedicarse a la investigaci\u00f3n y desarrollo de dispositivos de apoyo que les permitan a las personas con discapacidad desenvolverse mejor en el mundo, ya que ellos encuentran miles de barreras que no les permite desempe\u00f1arse de la mejor manera en su vida social y laboral.<\/p>\n<p><strong>Evoluci\u00f3n del proyecto.<\/strong><\/p>\n<p>Actualmente el proyecto\u00a0<strong>SONATA<\/strong>\u00a0se ha convertido en una Fundaci\u00f3n y 3 proyectos enfocados en personas con p\u00e9rdida auditiva y otros tipos de discapacidad.<\/p>\n<p><strong>L\u00edneas de acci\u00f3n dentro de la Fundaci\u00f3n:<\/strong><\/p>\n<ol>\n<li><strong>Investigaci\u00f3n y desarrollo de tecnolog\u00eda inclusiva.<\/strong>\n<ul>\n<li>Dispositivos de apoyo para personas en condici\u00f3n de discapacidad.<\/li>\n<\/ul>\n<\/li>\n<li><strong>Orientaci\u00f3n Art\u00edstica y Cultural Inclusiva.<\/strong>\n<ul>\n<li>Aplicaci\u00f3n en los escenarios de madera de nuestra tecnolog\u00eda de conversi\u00f3n de audios en vibraciones ac\u00fasticas, para que personas en condici\u00f3n de discapacidad perciban el sonido a trav\u00e9s de las plantas de los pies.<\/li>\n<\/ul>\n<\/li>\n<li><strong>Dise\u00f1o de Juguetes Inclusivos.<\/strong>\n<ul>\n<li>Creaci\u00f3n de juguetes educativos, enfocados en ni\u00f1os en condici\u00f3n de discapacidad.\u00a0Con el uso de estas herramientas a base de sonidos convertidos en vibraciones y tambi\u00e9n juguetes con el sistema Braille para ciegos, los ni\u00f1os pueden aprender los colores, las letras, lo n\u00fameros mientras se divierten y al mismo tiempo estimulan el sistema auditivo y visual.<\/li>\n<\/ul>\n<\/li>\n<\/ol>\n<p><strong>Premios Obtenidos con el invento SONATA:<\/strong><\/p>\n<p>Entre los reconocimientos m\u00e1s destacados por el desarrollo de SONATA, el dispositivo que les permite a las personas con p\u00e9rdida auditiva escuchar a trav\u00e9s de los dientes se encuentra:<\/p>\n<p><strong>Reconocimientos Nacionales.<\/strong><\/p>\n<ul>\n<li>Ganador del premio\u00a0<strong>Titanes Caracol 2019<\/strong>, en la categor\u00eda de Tecnolog\u00eda e Innovaci\u00f3n (Caracol Televisi\u00f3n).<\/li>\n<li>Ganador del Premio\u00a0<strong>Nacional al Inventor Colombiano<\/strong>\u00a0en la categor\u00eda de industria. (Superintendencia de Industria y Comercio).<\/li>\n<li>Reconocimiento por parte de la C\u00e1mara Junior Internacional como uno de los\u00a0<strong>10 J\u00f3venes m\u00e1s sobresalientes del Quind\u00edo en el a\u00f1o 2019.<\/strong><\/li>\n<li>Ganador del\u00a0<strong>Concurso de Emprendimiento \u00cdCARO<\/strong>\u00a0en la categor\u00eda plan de negocio, organizado por la unidad de emprendimiento de la Universidad del Quind\u00edo.<\/li>\n<\/ul>\n<p><strong>Actividades Internacionales.<\/strong><\/p>\n<ul>\n<li>Invitado por la Fundaci\u00f3n\u00a0<strong>INNOVA\u00a0<\/strong>ubicada en\u00a0<strong>TALCA CHILE<\/strong>\u00a0a participar en un programa de aceleraci\u00f3n de emprendimientos y para ser aspirante a fondos de innovaci\u00f3n social con el proyecto SONATA.<\/li>\n<\/ul>\n<p><strong>Alcance local.<\/strong><\/p>\n<p>Actualmente estamos planeando y estructurando los proyectos de innovaci\u00f3n social dentro de la Fundaci\u00f3n MUNDO INCLUSIVO, estimamos involucrar y beneficiar de nuestros proyectos a todas las personas en condici\u00f3n de discapacidad de nuestra regi\u00f3n y \u00a0deseamos unir fuerzas con otras fundaciones de Colombia y Chile para ampliar nuestro rango de acci\u00f3n, en MUNDO INCLUSIVO las personas con discapacidad tendr\u00e1n la oportunidad de participar activamente en el desarrollo de tecnolog\u00eda inclusiva de la mano con nuestros investigadores e ingenieros con el fin de mejorar la calidad de vida de las personas en condici\u00f3n de discapacidad.<\/p>\n<p><strong>Lugar:<\/strong>\u00a0Auditorio Omar Rayo &#8211; INTEP.<\/p>","excerpt":"","slug":"sonata","image":{"url":"https:\/\/intep.edu.co\/portal\/wp-content\/uploads\/2023\/04\/Conferencia-Emprendeintep-Jorge-Cadavid-02.png","id":17845,"extension":"png","width":3179,"height":1802,"filesize":2294906,"sizes":{"medium":{"width":300,"height":170,"mime-type":"image\/png","filesize":69170,"url":"https:\/\/intep.edu.co\/portal\/wp-content\/uploads\/2023\/04\/Conferencia-Emprendeintep-Jorge-Cadavid-02-300x170.png"},"large":{"width":1024,"height":580,"mime-type":"image\/png","filesize":471120,"url":"https:\/\/intep.edu.co\/portal\/wp-content\/uploads\/2023\/04\/Conferencia-Emprendeintep-Jorge-Cadavid-02-1024x580.png"},"thumbnail":{"width":150,"height":150,"mime-type":"image\/png","filesize":26019,"url":"https:\/\/intep.edu.co\/portal\/wp-content\/uploads\/2023\/04\/Conferencia-Emprendeintep-Jorge-Cadavid-02-150x150.png"},"medium_large":{"width":768,"height":435,"mime-type":"image\/png","filesize":305434,"url":"https:\/\/intep.edu.co\/portal\/wp-content\/uploads\/2023\/04\/Conferencia-Emprendeintep-Jorge-Cadavid-02-768x435.png"},"1536x1536":{"width":1536,"height":871,"mime-type":"image\/png","filesize":871810,"url":"https:\/\/intep.edu.co\/portal\/wp-content\/uploads\/2023\/04\/Conferencia-Emprendeintep-Jorge-Cadavid-02-1536x871.png"},"2048x2048":{"width":2048,"height":1161,"mime-type":"image\/png","filesize":1345334,"url":"https:\/\/intep.edu.co\/portal\/wp-content\/uploads\/2023\/04\/Conferencia-Emprendeintep-Jorge-Cadavid-02-2048x1161.png"},"Personnel Thumbnail":{"width":700,"height":935,"mime-type":"image\/png","filesize":235472,"url":"https:\/\/intep.edu.co\/portal\/wp-content\/uploads\/2023\/04\/Conferencia-Emprendeintep-Jorge-Cadavid-02-700x935.png"},"Portfolio Thumbnail":{"width":700,"height":450,"mime-type":"image\/png","filesize":273570,"url":"https:\/\/intep.edu.co\/portal\/wp-content\/uploads\/2023\/04\/Conferencia-Emprendeintep-Jorge-Cadavid-02-700x450.png"},"Portfolio Thumbnail Portrait":{"width":700,"height":660,"mime-type":"image\/png","filesize":245741,"url":"https:\/\/intep.edu.co\/portal\/wp-content\/uploads\/2023\/04\/Conferencia-Emprendeintep-Jorge-Cadavid-02-700x660.png"},"Portfolio Thumbnail Portrait 2":{"width":600,"height":800,"mime-type":"image\/png","filesize":190072,"url":"https:\/\/intep.edu.co\/portal\/wp-content\/uploads\/2023\/04\/Conferencia-Emprendeintep-Jorge-Cadavid-02-600x800.png"},"Large Landscape":{"width":1280,"height":580,"mime-type":"image\/png","filesize":551712,"url":"https:\/\/intep.edu.co\/portal\/wp-content\/uploads\/2023\/04\/Conferencia-Emprendeintep-Jorge-Cadavid-02-1280x580.png"},"Large Landscape 2":{"width":1550,"height":700,"mime-type":"image\/png","filesize":734307,"url":"https:\/\/intep.edu.co\/portal\/wp-content\/uploads\/2023\/04\/Conferencia-Emprendeintep-Jorge-Cadavid-02-1550x700.png"},"Portfolio Side Description Large":{"width":900,"height":500,"mime-type":"image\/png","filesize":384515,"url":"https:\/\/intep.edu.co\/portal\/wp-content\/uploads\/2023\/04\/Conferencia-Emprendeintep-Jorge-Cadavid-02-900x500.png"},"Blog Full Thumbnail":{"width":1100,"height":490,"mime-type":"image\/png","filesize":431721,"url":"https:\/\/intep.edu.co\/portal\/wp-content\/uploads\/2023\/04\/Conferencia-Emprendeintep-Jorge-Cadavid-02-1100x490.png"},"Blog Column Thumbnail":{"width":700,"height":430,"mime-type":"image\/png","filesize":272375,"url":"https:\/\/intep.edu.co\/portal\/wp-content\/uploads\/2023\/04\/Conferencia-Emprendeintep-Jorge-Cadavid-02-700x430.png"},"Personnel Thumbnail 2":{"width":550,"height":500,"mime-type":"image\/png","filesize":176314,"url":"https:\/\/intep.edu.co\/portal\/wp-content\/uploads\/2023\/04\/Conferencia-Emprendeintep-Jorge-Cadavid-02-550x500.png"},"Large Landscape 3":{"width":1500,"height":1000,"mime-type":"image\/png","filesize":847436,"url":"https:\/\/intep.edu.co\/portal\/wp-content\/uploads\/2023\/04\/Conferencia-Emprendeintep-Jorge-Cadavid-02-1500x1000.png"},"Personnel Square":{"width":500,"height":500,"mime-type":"image\/png","filesize":149343,"url":"https:\/\/intep.edu.co\/portal\/wp-content\/uploads\/2023\/04\/Conferencia-Emprendeintep-Jorge-Cadavid-02-500x500.png"},"Gallery Portrait":{"width":495,"height":600,"mime-type":"image\/png","filesize":142619,"url":"https:\/\/intep.edu.co\/portal\/wp-content\/uploads\/2023\/04\/Conferencia-Emprendeintep-Jorge-Cadavid-02-495x600.png"},"Single Major":{"width":1000,"height":365,"mime-type":"image\/png","filesize":310020,"url":"https:\/\/intep.edu.co\/portal\/wp-content\/uploads\/2023\/04\/Conferencia-Emprendeintep-Jorge-Cadavid-02-1000x365.png"}}},"all_day":false,"start_date":"2023-05-06 10:00:00","start_date_details":{"year":"2023","month":"05","day":"06","hour":"10","minutes":"00","seconds":"00"},"end_date":"2023-05-06 10:00:00","end_date_details":{"year":"2023","month":"05","day":"06","hour":"10","minutes":"00","seconds":"00"},"utc_start_date":"2023-05-06 14:00:00","utc_start_date_details":{"year":"2023","month":"05","day":"06","hour":"14","minutes":"00","seconds":"00"},"utc_end_date":"2023-05-06 14:00:00","utc_end_date_details":{"year":"2023","month":"05","day":"06","hour":"14","minutes":"00","seconds":"00"},"timezone":"UTC-5","timezone_abbr":"UTC-5","cost":"","cost_details":{"currency_symbol":"","currency_code":"","currency_position":"prefix","values":[]},"website":"","show_map":true,"show_map_link":true,"hide_from_listings":false,"sticky":false,"featured":false,"categories":[{"name":"Todos","slug":"todos","term_group":0,"term_taxonomy_id":189,"taxonomy":"tribe_events_cat","description":"","parent":0,"count":239,"filter":"raw","id":189,"urls":{"self":"https:\/\/intep.edu.co\/portal\/wp-json\/tribe\/events\/v1\/categories\/189","collection":"https:\/\/intep.edu.co\/portal\/wp-json\/tribe\/events\/v1\/categories"}}],"tags":[],"venue":{"id":18031,"author":"4","status":"publish","date":"2023-04-13 19:37:34","date_utc":"2023-04-14 00:37:34","modified":"2023-04-13 19:37:34","modified_utc":"2023-04-14 00:37:34","url":"https:\/\/intep.edu.co\/portal\/local\/intep-roldanillo\/","venue":"INTEP &#8211; Roldanillo","slug":"intep-roldanillo","address":"Carrera 7 # 10 - 20","city":"Roldanillo","country":"Colombia","province":"Valle del Cauca","stateprovince":"Valle del Cauca","json_ld":{"@type":"Place","name":"INTEP &#8211; Roldanillo","description":"","url":"","address":{"@type":"PostalAddress","streetAddress":"Carrera 7 # 10 - 20","addressLocality":"Roldanillo","addressRegion":"Valle del Cauca","addressCountry":"Colombia"},"telephone":"","sameAs":""},"show_map":true,"show_map_link":true,"global_id":"intep.edu.co\/portal?id=18031","global_id_lineage":["intep.edu.co\/portal?id=18031"]},"organizer":[{"id":18016,"author":"4","status":"publish","date":"2023-04-13 19:27:47","date_utc":"2023-04-14 00:27:47","modified":"2023-04-13 19:27:47","modified_utc":"2023-04-14 00:27:47","url":"https:\/\/intep.edu.co\/portal\/organizador\/unidad-de-emprendimiento\/","organizer":"Unidad de Emprendimiento","slug":"unidad-de-emprendimiento","phone":"+57 (602) 229 9737 Ext. 153","email":"emprendimiento@intep.edu.co","json_ld":{"@type":"Person","name":"Unidad de Emprendimiento","description":"","url":"","telephone":"+57 (602) 229 9737 Ext. 153","email":"e&#109;&#112;&#114;e&#110;d&#105;&#109;&#105;&#101;&#110;&#116;&#111;&#64;&#105;nt&#101;&#112;&#46;e&#100;u.co","sameAs":""},"global_id":"intep.edu.co\/portal?id=18016","global_id_lineage":["intep.edu.co\/portal?id=18016"]}],"custom_fields":[],"json_ld":{"@context":"http:\/\/schema.org","@type":"Event","name":"SONATA","description":"&lt;p&gt;Conferencista:\u00a0Jorge Iv\u00e1n Cadavid Mart\u00ednez,\u00a0Ingeniero de Sistemas y Computaci\u00f3n \u2013 Universidad Quind\u00edo,\u00a0Tecn\u00f3logo en electr\u00f3nica - Universidad del Quind\u00edo Fundador de\u00a0SONATA INNOVACI\u00d3N [&hellip;]&lt;\/p&gt;\\n","image":"https:\/\/intep.edu.co\/portal\/wp-content\/uploads\/2023\/04\/Conferencia-Emprendeintep-Jorge-Cadavid-02.png","url":"https:\/\/intep.edu.co\/portal\/event\/sonata\/","eventAttendanceMode":"https:\/\/schema.org\/OfflineEventAttendanceMode","eventStatus":"https:\/\/schema.org\/EventScheduled","startDate":"2023-05-06T10:00:00-05:00","endDate":"2023-05-06T10:00:00-05:00","location":{"@type":"Place","name":"INTEP &#8211; Roldanillo","description":"","url":"","address":{"@type":"PostalAddress","streetAddress":"Carrera 7 # 10 - 20","addressLocality":"Roldanillo","addressRegion":"Valle del Cauca","addressCountry":"Colombia"},"telephone":"","sameAs":""},"organizer":{"@type":"Person","name":"Unidad de Emprendimiento","description":"","url":"","telephone":"+57 (602) 229 9737 Ext. 153","email":"&#101;&#109;&#112;&#114;&#101;&#110;&#100;&#105;&#109;ie&#110;&#116;o&#64;&#105;&#110;te&#112;.edu.co","sameAs":""},"performer":"Organization"},"ticketed":false}