{"id":21045,"global_id":"intep.edu.co\/portal?id=21045","global_id_lineage":["intep.edu.co\/portal?id=21045"],"author":"4","status":"publish","date":"2023-05-15 16:24:46","date_utc":"2023-05-15 21:24:46","modified":"2023-05-15 16:24:46","modified_utc":"2023-05-15 21:24:46","url":"https:\/\/intep.edu.co\/portal\/event\/calendario-academico-2023-2-inscripciones\/","rest_url":"https:\/\/intep.edu.co\/portal\/wp-json\/tribe\/events\/v1\/events\/21045","title":"Calendario Acad\u00e9mico 2023-2, Inscripciones","description":"<p style=\"text-align: justify;\">Calendario Acad\u00e9mico para el segundo per\u00edodo\u00a0acad\u00e9mi<wbr \/>co de 2023 de los programas T\u00e9cnicos Profesionales, Tecnol\u00f3gicos y Profesionales Universitarios del Instituto de Educaci\u00f3n T\u00e9cnica Profesional de Roldanillo en su sede principal y en los lugares de ampliaci\u00f3n de ofrecimiento de sus programas:<\/p>\n<blockquote class=\"wp-embedded-content\" data-secret=\"DvF3Gtb5cp\"><p><a href=\"https:\/\/intep.edu.co\/portal\/admisiones\/\">Admisiones<\/a><\/p><\/blockquote>\n<p><iframe loading=\"lazy\" class=\"wp-embedded-content\" sandbox=\"allow-scripts\" security=\"restricted\" style=\"position: absolute; clip: rect(1px, 1px, 1px, 1px);\" title=\"\u00abAdmisiones\u00bb \u2014 INTEP\" src=\"https:\/\/intep.edu.co\/portal\/admisiones\/embed\/#?secret=LNwQ6BEEUE#?secret=DvF3Gtb5cp\" data-secret=\"DvF3Gtb5cp\" width=\"600\" height=\"338\" frameborder=\"0\" marginwidth=\"0\" marginheight=\"0\" scrolling=\"no\"><\/iframe><\/p>","excerpt":"","slug":"calendario-academico-2023-2-inscripciones","image":{"url":"https:\/\/intep.edu.co\/portal\/wp-content\/uploads\/2023\/05\/Calendario-Academico-2023-2-02.png","id":21046,"extension":"png","width":2649,"height":1502,"filesize":774882,"sizes":{"medium":{"width":300,"height":170,"mime-type":"image\/png","filesize":61194,"url":"https:\/\/intep.edu.co\/portal\/wp-content\/uploads\/2023\/05\/Calendario-Academico-2023-2-02-300x170.png"},"large":{"width":1024,"height":581,"mime-type":"image\/png","filesize":517434,"url":"https:\/\/intep.edu.co\/portal\/wp-content\/uploads\/2023\/05\/Calendario-Academico-2023-2-02-1024x581.png"},"thumbnail":{"width":150,"height":150,"mime-type":"image\/png","filesize":33249,"url":"https:\/\/intep.edu.co\/portal\/wp-content\/uploads\/2023\/05\/Calendario-Academico-2023-2-02-150x150.png"},"medium_large":{"width":768,"height":435,"mime-type":"image\/png","filesize":321910,"url":"https:\/\/intep.edu.co\/portal\/wp-content\/uploads\/2023\/05\/Calendario-Academico-2023-2-02-768x435.png"},"1536x1536":{"width":1536,"height":871,"mime-type":"image\/png","filesize":928377,"url":"https:\/\/intep.edu.co\/portal\/wp-content\/uploads\/2023\/05\/Calendario-Academico-2023-2-02-1536x871.png"},"2048x2048":{"width":2048,"height":1161,"mime-type":"image\/png","filesize":1206431,"url":"https:\/\/intep.edu.co\/portal\/wp-content\/uploads\/2023\/05\/Calendario-Academico-2023-2-02-2048x1161.png"},"Personnel Thumbnail":{"width":700,"height":935,"mime-type":"image\/png","filesize":538564,"url":"https:\/\/intep.edu.co\/portal\/wp-content\/uploads\/2023\/05\/Calendario-Academico-2023-2-02-700x935.png"},"Portfolio Thumbnail":{"width":700,"height":450,"mime-type":"image\/png","filesize":320200,"url":"https:\/\/intep.edu.co\/portal\/wp-content\/uploads\/2023\/05\/Calendario-Academico-2023-2-02-700x450.png"},"Portfolio Thumbnail Portrait":{"width":700,"height":660,"mime-type":"image\/png","filesize":433385,"url":"https:\/\/intep.edu.co\/portal\/wp-content\/uploads\/2023\/05\/Calendario-Academico-2023-2-02-700x660.png"},"Portfolio Thumbnail Portrait 2":{"width":600,"height":800,"mime-type":"image\/png","filesize":438452,"url":"https:\/\/intep.edu.co\/portal\/wp-content\/uploads\/2023\/05\/Calendario-Academico-2023-2-02-600x800.png"},"Large Landscape":{"width":1280,"height":580,"mime-type":"image\/png","filesize":591015,"url":"https:\/\/intep.edu.co\/portal\/wp-content\/uploads\/2023\/05\/Calendario-Academico-2023-2-02-1280x580.png"},"Large Landscape 2":{"width":1550,"height":700,"mime-type":"image\/png","filesize":765684,"url":"https:\/\/intep.edu.co\/portal\/wp-content\/uploads\/2023\/05\/Calendario-Academico-2023-2-02-1550x700.png"},"Portfolio Side Description Large":{"width":900,"height":500,"mime-type":"image\/png","filesize":414888,"url":"https:\/\/intep.edu.co\/portal\/wp-content\/uploads\/2023\/05\/Calendario-Academico-2023-2-02-900x500.png"},"Blog Full Thumbnail":{"width":1100,"height":490,"mime-type":"image\/png","filesize":461595,"url":"https:\/\/intep.edu.co\/portal\/wp-content\/uploads\/2023\/05\/Calendario-Academico-2023-2-02-1100x490.png"},"Blog Column Thumbnail":{"width":700,"height":430,"mime-type":"image\/png","filesize":303028,"url":"https:\/\/intep.edu.co\/portal\/wp-content\/uploads\/2023\/05\/Calendario-Academico-2023-2-02-700x430.png"},"Personnel Thumbnail 2":{"width":550,"height":500,"mime-type":"image\/png","filesize":289010,"url":"https:\/\/intep.edu.co\/portal\/wp-content\/uploads\/2023\/05\/Calendario-Academico-2023-2-02-550x500.png"},"Large Landscape 3":{"width":1500,"height":1000,"mime-type":"image\/png","filesize":1002657,"url":"https:\/\/intep.edu.co\/portal\/wp-content\/uploads\/2023\/05\/Calendario-Academico-2023-2-02-1500x1000.png"},"Personnel Square":{"width":500,"height":500,"mime-type":"image\/png","filesize":265871,"url":"https:\/\/intep.edu.co\/portal\/wp-content\/uploads\/2023\/05\/Calendario-Academico-2023-2-02-500x500.png"},"Gallery Portrait":{"width":495,"height":600,"mime-type":"image\/png","filesize":307739,"url":"https:\/\/intep.edu.co\/portal\/wp-content\/uploads\/2023\/05\/Calendario-Academico-2023-2-02-495x600.png"},"Single Major":{"width":1000,"height":365,"mime-type":"image\/png","filesize":311917,"url":"https:\/\/intep.edu.co\/portal\/wp-content\/uploads\/2023\/05\/Calendario-Academico-2023-2-02-1000x365.png"}}},"all_day":false,"start_date":"2023-05-02 08:00:00","start_date_details":{"year":"2023","month":"05","day":"02","hour":"08","minutes":"00","seconds":"00"},"end_date":"2023-07-14 17:30:00","end_date_details":{"year":"2023","month":"07","day":"14","hour":"17","minutes":"30","seconds":"00"},"utc_start_date":"2023-05-02 12:00:00","utc_start_date_details":{"year":"2023","month":"05","day":"02","hour":"12","minutes":"00","seconds":"00"},"utc_end_date":"2023-07-14 21:30:00","utc_end_date_details":{"year":"2023","month":"07","day":"14","hour":"21","minutes":"30","seconds":"00"},"timezone":"UTC-5","timezone_abbr":"UTC-5","cost":"","cost_details":{"currency_symbol":"","currency_code":"","currency_position":"prefix","values":[]},"website":"","show_map":true,"show_map_link":true,"hide_from_listings":false,"sticky":false,"featured":false,"categories":[{"name":"Todos","slug":"todos","term_group":0,"term_taxonomy_id":189,"taxonomy":"tribe_events_cat","description":"","parent":0,"count":239,"filter":"raw","id":189,"urls":{"self":"https:\/\/intep.edu.co\/portal\/wp-json\/tribe\/events\/v1\/categories\/189","collection":"https:\/\/intep.edu.co\/portal\/wp-json\/tribe\/events\/v1\/categories"}}],"tags":[],"venue":{"id":18031,"author":"4","status":"publish","date":"2023-04-13 19:37:34","date_utc":"2023-04-14 00:37:34","modified":"2023-04-13 19:37:34","modified_utc":"2023-04-14 00:37:34","url":"https:\/\/intep.edu.co\/portal\/local\/intep-roldanillo\/","venue":"INTEP &#8211; Roldanillo","slug":"intep-roldanillo","address":"Carrera 7 # 10 - 20","city":"Roldanillo","country":"Colombia","province":"Valle del Cauca","stateprovince":"Valle del Cauca","json_ld":{"@type":"Place","name":"INTEP &#8211; Roldanillo","description":"","url":"","address":{"@type":"PostalAddress","streetAddress":"Carrera 7 # 10 - 20","addressLocality":"Roldanillo","addressRegion":"Valle del Cauca","addressCountry":"Colombia"},"telephone":"","sameAs":""},"show_map":true,"show_map_link":true,"global_id":"intep.edu.co\/portal?id=18031","global_id_lineage":["intep.edu.co\/portal?id=18031"]},"organizer":[{"id":18020,"author":"4","status":"publish","date":"2023-04-13 19:28:48","date_utc":"2023-04-14 00:28:48","modified":"2023-04-13 19:28:48","modified_utc":"2023-04-14 00:28:48","url":"https:\/\/intep.edu.co\/portal\/organizador\/vicerrectoria-academica\/","organizer":"Vicerrector\u00eda Acad\u00e9mica","slug":"vicerrectoria-academica","phone":"+57 (602) 229 8586 Ext. 107","email":"vice.academica@intep.edu.co","json_ld":{"@type":"Person","name":"Vicerrector\u00eda Acad\u00e9mica","description":"","url":"","telephone":"+57 (602) 229 8586 Ext. 107","email":"&#118;ice.&#97;ca&#100;emic&#97;&#64;&#105;n&#116;&#101;&#112;.ed&#117;.&#99;o","sameAs":""},"global_id":"intep.edu.co\/portal?id=18020","global_id_lineage":["intep.edu.co\/portal?id=18020"]}],"custom_fields":[],"json_ld":{"@context":"http:\/\/schema.org","@type":"Event","name":"Calendario Acad\u00e9mico 2023-2, Inscripciones","description":"&lt;p&gt;Calendario Acad\u00e9mico para el segundo per\u00edodo\u00a0acad\u00e9mico de 2023 de los programas T\u00e9cnicos Profesionales, Tecnol\u00f3gicos y Profesionales Universitarios del Instituto de [&hellip;]&lt;\/p&gt;\\n","image":"https:\/\/intep.edu.co\/portal\/wp-content\/uploads\/2023\/05\/Calendario-Academico-2023-2-02.png","url":"https:\/\/intep.edu.co\/portal\/event\/calendario-academico-2023-2-inscripciones\/","eventAttendanceMode":"https:\/\/schema.org\/OfflineEventAttendanceMode","eventStatus":"https:\/\/schema.org\/EventScheduled","startDate":"2023-05-02T08:00:00-05:00","endDate":"2023-07-14T17:30:00-05:00","location":{"@type":"Place","name":"INTEP &#8211; Roldanillo","description":"","url":"","address":{"@type":"PostalAddress","streetAddress":"Carrera 7 # 10 - 20","addressLocality":"Roldanillo","addressRegion":"Valle del Cauca","addressCountry":"Colombia"},"telephone":"","sameAs":""},"organizer":{"@type":"Person","name":"Vicerrector\u00eda Acad\u00e9mica","description":"","url":"","telephone":"+57 (602) 229 8586 Ext. 107","email":"&#118;ic&#101;.a&#99;&#97;&#100;&#101;&#109;ica&#64;in&#116;&#101;&#112;.e&#100;&#117;&#46;c&#111;","sameAs":""},"performer":"Organization"},"ticketed":false}