{"id":30852,"date":"2025-10-03T13:51:18","date_gmt":"2025-10-03T18:51:18","guid":{"rendered":"https:\/\/intep.edu.co\/portal\/?p=30852"},"modified":"2025-10-14T19:23:32","modified_gmt":"2025-10-15T00:23:32","slug":"integracion-generacional-como-estrategia-de-reconocimiento-y-apropiacion-de-entornos-campesinos-en-roldanillo-valle-del-cauca","status":"publish","type":"post","link":"https:\/\/intep.edu.co\/portal\/integracion-generacional-como-estrategia-de-reconocimiento-y-apropiacion-de-entornos-campesinos-en-roldanillo-valle-del-cauca\/","title":{"rendered":"Integraci\u00f3n generacional como estrategia de reconocimiento y apropiaci\u00f3n de entornos campesinos en Roldanillo, Valle del Cauca"},"content":{"rendered":"\n<p><\/p>\n\n\n\n<p><\/p>\n","protected":false},"excerpt":{"rendered":"<p>El Instituto de Educaci\u00f3n T\u00e9cnica Profesional de Roldanillo, Valle INTEP, fue el escenario para la presentaci\u00f3n del proyecto \u201cIntegraci\u00f3n generacional como estrategia de reconocimiento y apropiaci\u00f3n de entornos campesinos en Roldanillo, Valle del Cauca\u201d, desarrollado por integrantes del INTEP y la Universidad Nacional de Colombia.<\/p>\n","protected":false},"author":4,"featured_media":30855,"comment_status":"closed","ping_status":"closed","sticky":false,"template":"","format":"standard","meta":{"_price":"","_stock":"","_tribe_ticket_header":"","_tribe_default_ticket_provider":"","_ticket_start_date":"","_ticket_end_date":"","_tribe_ticket_show_description":"","_tribe_ticket_show_not_going":false,"_tribe_ticket_use_global_stock":"","_tribe_ticket_global_stock_level":"","_global_stock_mode":"","_global_stock_cap":"","_tribe_rsvp_for_event":"","_tribe_ticket_going_count":"","_tribe_ticket_not_going_count":"","_tribe_tickets_list":"[]","_tribe_ticket_has_attendee_info_fields":false,"footnotes":""},"categories":[283,321,188,314],"tags":[704],"class_list":["post-30852","post","type-post","status-publish","format-standard","has-post-thumbnail","hentry","category-centro-de-investigacion-galerias","category-centro-de-investigacion-noticias-anteriores","category-galerias","category-noticias-anteriores","tag-integracion-generacional"],"_links":{"self":[{"href":"https:\/\/intep.edu.co\/portal\/wp-json\/wp\/v2\/posts\/30852","targetHints":{"allow":["GET"]}}],"collection":[{"href":"https:\/\/intep.edu.co\/portal\/wp-json\/wp\/v2\/posts"}],"about":[{"href":"https:\/\/intep.edu.co\/portal\/wp-json\/wp\/v2\/types\/post"}],"author":[{"embeddable":true,"href":"https:\/\/intep.edu.co\/portal\/wp-json\/wp\/v2\/users\/4"}],"replies":[{"embeddable":true,"href":"https:\/\/intep.edu.co\/portal\/wp-json\/wp\/v2\/comments?post=30852"}],"version-history":[{"count":5,"href":"https:\/\/intep.edu.co\/portal\/wp-json\/wp\/v2\/posts\/30852\/revisions"}],"predecessor-version":[{"id":30939,"href":"https:\/\/intep.edu.co\/portal\/wp-json\/wp\/v2\/posts\/30852\/revisions\/30939"}],"wp:featuredmedia":[{"embeddable":true,"href":"https:\/\/intep.edu.co\/portal\/wp-json\/wp\/v2\/media\/30855"}],"wp:attachment":[{"href":"https:\/\/intep.edu.co\/portal\/wp-json\/wp\/v2\/media?parent=30852"}],"wp:term":[{"taxonomy":"category","embeddable":true,"href":"https:\/\/intep.edu.co\/portal\/wp-json\/wp\/v2\/categories?post=30852"},{"taxonomy":"post_tag","embeddable":true,"href":"https:\/\/intep.edu.co\/portal\/wp-json\/wp\/v2\/tags?post=30852"}],"curies":[{"name":"wp","href":"https:\/\/api.w.org\/{rel}","templated":true}]}}